{"id":150,"date":"2023-03-14T20:19:39","date_gmt":"2023-03-14T20:19:39","guid":{"rendered":"https:\/\/arquitecturadelavictima.com\/?p=150"},"modified":"2023-03-14T20:24:29","modified_gmt":"2023-03-14T20:24:29","slug":"la-humanizacion-de-los-espacios-judiciales-y-arquitectura-de-la-victima","status":"publish","type":"post","link":"https:\/\/arquitecturadelavictima.com\/index.php\/2023\/03\/14\/la-humanizacion-de-los-espacios-judiciales-y-arquitectura-de-la-victima\/","title":{"rendered":"La humanizaci\u00f3n de los espacios judiciales y \u00abArquitectura de la v\u00edctima\u00bb"},"content":{"rendered":"\t\t<div data-elementor-type=\"wp-post\" data-elementor-id=\"150\" class=\"elementor elementor-150\">\n\t\t\t\t\t\t<section class=\"elementor-section elementor-top-section elementor-element elementor-element-a5f3289 elementor-section-boxed elementor-section-height-default elementor-section-height-default\" data-id=\"a5f3289\" data-element_type=\"section\">\n\t\t\t\t\t\t<div class=\"elementor-container elementor-column-gap-default\">\n\t\t\t\t\t<div class=\"elementor-column elementor-col-100 elementor-top-column elementor-element elementor-element-277099a\" data-id=\"277099a\" data-element_type=\"column\">\n\t\t\t<div class=\"elementor-widget-wrap elementor-element-populated\">\n\t\t\t\t\t\t<div class=\"elementor-element elementor-element-661fae8 elementor-widget elementor-widget-text-editor\" data-id=\"661fae8\" data-element_type=\"widget\" data-widget_type=\"text-editor.default\">\n\t\t\t\t<div class=\"elementor-widget-container\">\n\t\t\t\t\t\t\t\t\t<p><span style=\"font-weight: 400; color: #000000;\">La humanizaci\u00f3n de los espacios judiciales se refiere a la creaci\u00f3n de entornos f\u00edsicos y emocionales que fomenten la justicia, la empat\u00eda, el <\/span><span style=\"color: rgb(0, 0, 0);\"><b>respeto a los derechos humanos y el bienestar de las personas que acuden a la justicia<\/b><\/span><span style=\"font-weight: 400; color: #000000;\">. Esto implica dise\u00f1ar espacios que sean acogedores, accesibles, seguros y que refuercen la dignidad y la importancia del proceso judicial.<\/span><\/p>\n<p><span style=\"font-weight: 400; color: #000000;\">Algunas de las caracter\u00edsticas de los espacios judiciales humanizados pueden incluir:<\/span><\/p>\n<ul>\n<li style=\"\" aria-level=\"1\"><span style=\"color: rgb(0, 0, 0);\"><b>Accesibilidad<\/b><\/span><span style=\"font-weight: 400; color: rgb(0, 0, 0);\">: los espacios judiciales deben ser accesibles para todas las personas, incluyendo aquellas con discapacidades o necesidades especiales. Esto implica contar con rampas, ascensores, ba\u00f1os accesibles, se\u00f1alizaci\u00f3n clara, entre otros elementos.<\/span><\/li>\n<li style=\"\" aria-level=\"1\"><span style=\"color: rgb(0, 0, 0);\"><b>Iluminaci\u00f3n adecuada<\/b><\/span><span style=\"font-weight: 400; color: rgb(0, 0, 0);\">: los espacios judiciales deben contar con una iluminaci\u00f3n adecuada, que permita ver con claridad los documentos y las expresiones faciales de las personas.<\/span><\/li>\n<li style=\"\" aria-level=\"1\"><span style=\"color: rgb(0, 0, 0);\"><b>Espacios confortables:<\/b><\/span><span style=\"font-weight: 400; color: rgb(0, 0, 0);\"> los espacios judiciales deben contar con asientos c\u00f3modos y suficientes, una temperatura agradable y una buena ventilaci\u00f3n para garantizar el bienestar de las personas que acuden al lugar.<\/span><\/li>\n<li style=\"\" aria-level=\"1\"><span style=\"color: rgb(0, 0, 0);\"><b>Dise\u00f1o amigable:<\/b><\/span><span style=\"font-weight: 400; color: rgb(0, 0, 0);\"> los espacios judiciales deben estar dise\u00f1ados de manera que no generen estr\u00e9s ni ansiedad, por ejemplo, mediante la utilizaci\u00f3n de colores neutros, una distribuci\u00f3n armoniosa de los espacios y una iluminaci\u00f3n c\u00e1lida.<\/span><\/li>\n<li style=\"\" aria-level=\"1\"><span style=\"color: rgb(0, 0, 0);\"><b>Zonas de descanso:<\/b><\/span><span style=\"font-weight: 400; color: rgb(0, 0, 0);\"> los espacios judiciales deben contar con zonas de descanso y de espera que permitan a las personas relajarse antes o despu\u00e9s de su cita en el juzgado.<\/span><\/li>\n<li style=\"\" aria-level=\"1\"><span style=\"color: rgb(0, 0, 0);\"><b>Espacios para la privacidad:<\/b><\/span><span style=\"font-weight: 400; color: rgb(0, 0, 0);\"> los espacios judiciales deben contar con espacios para la privacidad de las personas que acuden al lugar, por ejemplo, salas de espera separadas para las v\u00edctimas y los acusados.<\/span><\/li>\n<li style=\"\" aria-level=\"1\"><span style=\"color: rgb(0, 0, 0);\"><b>Tecnolog\u00eda moderna:<\/b><\/span><span style=\"font-weight: 400; color: rgb(0, 0, 0);\"> los espacios judiciales deben contar con tecnolog\u00eda moderna que facilite el proceso judicial, como sistemas de videoconferencia, pantallas interactivas y sistemas de audio de alta calidad.<\/span><\/li>\n<\/ul>\n<p><span style=\"font-weight: 400; color: #000000;\">En definitiva, la humanizaci\u00f3n de los espacios judiciales busca c<\/span><span style=\"color: rgb(0, 0, 0);\"><b>rear un entorno acogedor, seguro y respetuoso que fomente el bienestar y la confianza de las personas que acuden a los espacios justiciales.<\/b><\/span><\/p>\t\t\t\t\t\t\t\t<\/div>\n\t\t\t\t<\/div>\n\t\t\t\t\t<\/div>\n\t\t<\/div>\n\t\t\t\t\t<\/div>\n\t\t<\/section>\n\t\t\t\t<\/div>\n\t\t","protected":false},"excerpt":{"rendered":"<p>La humanizaci\u00f3n de los espacios judiciales se refiere a la creaci\u00f3n de entornos f\u00edsicos y emocionales que fomenten la justicia, la empat\u00eda, el respeto a los derechos humanos y el bienestar de las personas que acuden a la justicia. Esto implica dise\u00f1ar espacios que sean acogedores, accesibles, seguros y que [&hellip;]<\/p>\n","protected":false},"author":1,"featured_media":151,"comment_status":"open","ping_status":"closed","sticky":false,"template":"","format":"standard","meta":{"footnotes":""},"categories":[12,17],"tags":[5,15,13,14,8,9,7,16,6],"class_list":["post-150","post","type-post","status-publish","format-standard","has-post-thumbnail","hentry","category-concepto","category-humanizacion-de-espacios","tag-arquitectura","tag-arquitectura-de-la-victima","tag-arquitecturadelavictima","tag-espacios-protectores","tag-interdisciplinar","tag-ley-8-2021","tag-personas-vulnerables","tag-proteccion","tag-victima"],"yoast_head":"<!-- This site is optimized with the Yoast SEO plugin v26.5 - https:\/\/yoast.com\/wordpress\/plugins\/seo\/ -->\n<title>La humanizaci\u00f3n de los espacios judiciales y &quot;Arquitectura de la v\u00edctima&quot; - Arquitectura de la v\u00edctima<\/title>\n<meta name=\"robots\" content=\"index, follow, max-snippet:-1, max-image-preview:large, max-video-preview:-1\" \/>\n<link rel=\"canonical\" href=\"https:\/\/arquitecturadelavictima.com\/index.php\/2023\/03\/14\/la-humanizacion-de-los-espacios-judiciales-y-arquitectura-de-la-victima\/\" \/>\n<meta property=\"og:locale\" content=\"es_ES\" \/>\n<meta property=\"og:type\" content=\"article\" \/>\n<meta property=\"og:title\" content=\"La humanizaci\u00f3n de los espacios judiciales y &quot;Arquitectura de la v\u00edctima&quot; - Arquitectura de la v\u00edctima\" \/>\n<meta property=\"og:description\" content=\"La humanizaci\u00f3n de los espacios judiciales se refiere a la creaci\u00f3n de entornos f\u00edsicos y emocionales que fomenten la justicia, la empat\u00eda, el respeto a los derechos humanos y el bienestar de las personas que acuden a la justicia. Esto implica dise\u00f1ar espacios que sean acogedores, accesibles, seguros y que [&hellip;]\" \/>\n<meta property=\"og:url\" content=\"https:\/\/arquitecturadelavictima.com\/index.php\/2023\/03\/14\/la-humanizacion-de-los-espacios-judiciales-y-arquitectura-de-la-victima\/\" \/>\n<meta property=\"og:site_name\" content=\"Arquitectura de la v\u00edctima\" \/>\n<meta property=\"article:published_time\" content=\"2023-03-14T20:19:39+00:00\" \/>\n<meta property=\"article:modified_time\" content=\"2023-03-14T20:24:29+00:00\" \/>\n<meta property=\"og:image\" content=\"https:\/\/arquitecturadelavictima.com\/wp-content\/uploads\/2023\/03\/composicion-concepto-familia-sobre-fondo-azul-scaled.jpg\" \/>\n\t<meta property=\"og:image:width\" content=\"2560\" \/>\n\t<meta property=\"og:image:height\" content=\"1706\" \/>\n\t<meta property=\"og:image:type\" content=\"image\/jpeg\" \/>\n<meta name=\"author\" content=\"admin\" \/>\n<meta name=\"twitter:card\" content=\"summary_large_image\" \/>\n<meta name=\"twitter:label1\" content=\"Escrito por\" \/>\n\t<meta name=\"twitter:data1\" content=\"admin\" \/>\n\t<meta name=\"twitter:label2\" content=\"Tiempo de lectura\" \/>\n\t<meta name=\"twitter:data2\" content=\"2 minutos\" \/>\n<script type=\"application\/ld+json\" class=\"yoast-schema-graph\">{\"@context\":\"https:\/\/schema.org\",\"@graph\":[{\"@type\":\"Article\",\"@id\":\"https:\/\/arquitecturadelavictima.com\/index.php\/2023\/03\/14\/la-humanizacion-de-los-espacios-judiciales-y-arquitectura-de-la-victima\/#article\",\"isPartOf\":{\"@id\":\"https:\/\/arquitecturadelavictima.com\/index.php\/2023\/03\/14\/la-humanizacion-de-los-espacios-judiciales-y-arquitectura-de-la-victima\/\"},\"author\":{\"name\":\"admin\",\"@id\":\"https:\/\/arquitecturadelavictima.com\/#\/schema\/person\/bab65cc3717050c632b89887379f23e3\"},\"headline\":\"La humanizaci\u00f3n de los espacios judiciales y \u00abArquitectura de la v\u00edctima\u00bb\",\"datePublished\":\"2023-03-14T20:19:39+00:00\",\"dateModified\":\"2023-03-14T20:24:29+00:00\",\"mainEntityOfPage\":{\"@id\":\"https:\/\/arquitecturadelavictima.com\/index.php\/2023\/03\/14\/la-humanizacion-de-los-espacios-judiciales-y-arquitectura-de-la-victima\/\"},\"wordCount\":351,\"commentCount\":0,\"publisher\":{\"@id\":\"https:\/\/arquitecturadelavictima.com\/#organization\"},\"image\":{\"@id\":\"https:\/\/arquitecturadelavictima.com\/index.php\/2023\/03\/14\/la-humanizacion-de-los-espacios-judiciales-y-arquitectura-de-la-victima\/#primaryimage\"},\"thumbnailUrl\":\"https:\/\/arquitecturadelavictima.com\/wp-content\/uploads\/2023\/03\/composicion-concepto-familia-sobre-fondo-azul-scaled.jpg\",\"keywords\":[\"arquitectura\",\"arquitectura de la victima\",\"arquitecturadelavictima\",\"espacios protectores\",\"interdisciplinar\",\"ley 8\/2021\",\"personas vulnerables\",\"proteccion\",\"victima\"],\"articleSection\":[\"concepto\",\"humanizacion de espacios\"],\"inLanguage\":\"es\",\"potentialAction\":[{\"@type\":\"CommentAction\",\"name\":\"Comment\",\"target\":[\"https:\/\/arquitecturadelavictima.com\/index.php\/2023\/03\/14\/la-humanizacion-de-los-espacios-judiciales-y-arquitectura-de-la-victima\/#respond\"]}]},{\"@type\":\"WebPage\",\"@id\":\"https:\/\/arquitecturadelavictima.com\/index.php\/2023\/03\/14\/la-humanizacion-de-los-espacios-judiciales-y-arquitectura-de-la-victima\/\",\"url\":\"https:\/\/arquitecturadelavictima.com\/index.php\/2023\/03\/14\/la-humanizacion-de-los-espacios-judiciales-y-arquitectura-de-la-victima\/\",\"name\":\"La humanizaci\u00f3n de los espacios judiciales y \\\"Arquitectura de la v\u00edctima\\\" - Arquitectura de la v\u00edctima\",\"isPartOf\":{\"@id\":\"https:\/\/arquitecturadelavictima.com\/#website\"},\"primaryImageOfPage\":{\"@id\":\"https:\/\/arquitecturadelavictima.com\/index.php\/2023\/03\/14\/la-humanizacion-de-los-espacios-judiciales-y-arquitectura-de-la-victima\/#primaryimage\"},\"image\":{\"@id\":\"https:\/\/arquitecturadelavictima.com\/index.php\/2023\/03\/14\/la-humanizacion-de-los-espacios-judiciales-y-arquitectura-de-la-victima\/#primaryimage\"},\"thumbnailUrl\":\"https:\/\/arquitecturadelavictima.com\/wp-content\/uploads\/2023\/03\/composicion-concepto-familia-sobre-fondo-azul-scaled.jpg\",\"datePublished\":\"2023-03-14T20:19:39+00:00\",\"dateModified\":\"2023-03-14T20:24:29+00:00\",\"breadcrumb\":{\"@id\":\"https:\/\/arquitecturadelavictima.com\/index.php\/2023\/03\/14\/la-humanizacion-de-los-espacios-judiciales-y-arquitectura-de-la-victima\/#breadcrumb\"},\"inLanguage\":\"es\",\"potentialAction\":[{\"@type\":\"ReadAction\",\"target\":[\"https:\/\/arquitecturadelavictima.com\/index.php\/2023\/03\/14\/la-humanizacion-de-los-espacios-judiciales-y-arquitectura-de-la-victima\/\"]}]},{\"@type\":\"ImageObject\",\"inLanguage\":\"es\",\"@id\":\"https:\/\/arquitecturadelavictima.com\/index.php\/2023\/03\/14\/la-humanizacion-de-los-espacios-judiciales-y-arquitectura-de-la-victima\/#primaryimage\",\"url\":\"https:\/\/arquitecturadelavictima.com\/wp-content\/uploads\/2023\/03\/composicion-concepto-familia-sobre-fondo-azul-scaled.jpg\",\"contentUrl\":\"https:\/\/arquitecturadelavictima.com\/wp-content\/uploads\/2023\/03\/composicion-concepto-familia-sobre-fondo-azul-scaled.jpg\",\"width\":2560,\"height\":1706},{\"@type\":\"BreadcrumbList\",\"@id\":\"https:\/\/arquitecturadelavictima.com\/index.php\/2023\/03\/14\/la-humanizacion-de-los-espacios-judiciales-y-arquitectura-de-la-victima\/#breadcrumb\",\"itemListElement\":[{\"@type\":\"ListItem\",\"position\":1,\"name\":\"Portada\",\"item\":\"https:\/\/arquitecturadelavictima.com\/\"},{\"@type\":\"ListItem\",\"position\":2,\"name\":\"La humanizaci\u00f3n de los espacios judiciales y \u00abArquitectura de la v\u00edctima\u00bb\"}]},{\"@type\":\"WebSite\",\"@id\":\"https:\/\/arquitecturadelavictima.com\/#website\",\"url\":\"https:\/\/arquitecturadelavictima.com\/\",\"name\":\"Arquitectura de la v\u00edctima\",\"description\":\"\",\"publisher\":{\"@id\":\"https:\/\/arquitecturadelavictima.com\/#organization\"},\"potentialAction\":[{\"@type\":\"SearchAction\",\"target\":{\"@type\":\"EntryPoint\",\"urlTemplate\":\"https:\/\/arquitecturadelavictima.com\/?s={search_term_string}\"},\"query-input\":{\"@type\":\"PropertyValueSpecification\",\"valueRequired\":true,\"valueName\":\"search_term_string\"}}],\"inLanguage\":\"es\"},{\"@type\":\"Organization\",\"@id\":\"https:\/\/arquitecturadelavictima.com\/#organization\",\"name\":\"Arquitectura de la v\u00edctima\",\"url\":\"https:\/\/arquitecturadelavictima.com\/\",\"logo\":{\"@type\":\"ImageObject\",\"inLanguage\":\"es\",\"@id\":\"https:\/\/arquitecturadelavictima.com\/#\/schema\/logo\/image\/\",\"url\":\"https:\/\/arquitecturadelavictima.com\/wp-content\/uploads\/2022\/06\/cropped-Sin-elipse-negro.png\",\"contentUrl\":\"https:\/\/arquitecturadelavictima.com\/wp-content\/uploads\/2022\/06\/cropped-Sin-elipse-negro.png\",\"width\":1221,\"height\":1056,\"caption\":\"Arquitectura de la v\u00edctima\"},\"image\":{\"@id\":\"https:\/\/arquitecturadelavictima.com\/#\/schema\/logo\/image\/\"}},{\"@type\":\"Person\",\"@id\":\"https:\/\/arquitecturadelavictima.com\/#\/schema\/person\/bab65cc3717050c632b89887379f23e3\",\"name\":\"admin\",\"image\":{\"@type\":\"ImageObject\",\"inLanguage\":\"es\",\"@id\":\"https:\/\/arquitecturadelavictima.com\/#\/schema\/person\/image\/\",\"url\":\"https:\/\/secure.gravatar.com\/avatar\/cb545f80ebfe4a8c7350c9488d8d5679c40ef55c37ee485cdee8bbf502512a7d?s=96&d=mm&r=g\",\"contentUrl\":\"https:\/\/secure.gravatar.com\/avatar\/cb545f80ebfe4a8c7350c9488d8d5679c40ef55c37ee485cdee8bbf502512a7d?s=96&d=mm&r=g\",\"caption\":\"admin\"},\"sameAs\":[\"https:\/\/arquitecturadelavictima.com\"],\"url\":\"https:\/\/arquitecturadelavictima.com\/index.php\/author\/arquitectura-de-la-victima\/\"}]}<\/script>\n<!-- \/ Yoast SEO plugin. -->","yoast_head_json":{"title":"La humanizaci\u00f3n de los espacios judiciales y \"Arquitectura de la v\u00edctima\" - Arquitectura de la v\u00edctima","robots":{"index":"index","follow":"follow","max-snippet":"max-snippet:-1","max-image-preview":"max-image-preview:large","max-video-preview":"max-video-preview:-1"},"canonical":"https:\/\/arquitecturadelavictima.com\/index.php\/2023\/03\/14\/la-humanizacion-de-los-espacios-judiciales-y-arquitectura-de-la-victima\/","og_locale":"es_ES","og_type":"article","og_title":"La humanizaci\u00f3n de los espacios judiciales y \"Arquitectura de la v\u00edctima\" - Arquitectura de la v\u00edctima","og_description":"La humanizaci\u00f3n de los espacios judiciales se refiere a la creaci\u00f3n de entornos f\u00edsicos y emocionales que fomenten la justicia, la empat\u00eda, el respeto a los derechos humanos y el bienestar de las personas que acuden a la justicia. Esto implica dise\u00f1ar espacios que sean acogedores, accesibles, seguros y que [&hellip;]","og_url":"https:\/\/arquitecturadelavictima.com\/index.php\/2023\/03\/14\/la-humanizacion-de-los-espacios-judiciales-y-arquitectura-de-la-victima\/","og_site_name":"Arquitectura de la v\u00edctima","article_published_time":"2023-03-14T20:19:39+00:00","article_modified_time":"2023-03-14T20:24:29+00:00","og_image":[{"width":2560,"height":1706,"url":"https:\/\/arquitecturadelavictima.com\/wp-content\/uploads\/2023\/03\/composicion-concepto-familia-sobre-fondo-azul-scaled.jpg","type":"image\/jpeg"}],"author":"admin","twitter_card":"summary_large_image","twitter_misc":{"Escrito por":"admin","Tiempo de lectura":"2 minutos"},"schema":{"@context":"https:\/\/schema.org","@graph":[{"@type":"Article","@id":"https:\/\/arquitecturadelavictima.com\/index.php\/2023\/03\/14\/la-humanizacion-de-los-espacios-judiciales-y-arquitectura-de-la-victima\/#article","isPartOf":{"@id":"https:\/\/arquitecturadelavictima.com\/index.php\/2023\/03\/14\/la-humanizacion-de-los-espacios-judiciales-y-arquitectura-de-la-victima\/"},"author":{"name":"admin","@id":"https:\/\/arquitecturadelavictima.com\/#\/schema\/person\/bab65cc3717050c632b89887379f23e3"},"headline":"La humanizaci\u00f3n de los espacios judiciales y \u00abArquitectura de la v\u00edctima\u00bb","datePublished":"2023-03-14T20:19:39+00:00","dateModified":"2023-03-14T20:24:29+00:00","mainEntityOfPage":{"@id":"https:\/\/arquitecturadelavictima.com\/index.php\/2023\/03\/14\/la-humanizacion-de-los-espacios-judiciales-y-arquitectura-de-la-victima\/"},"wordCount":351,"commentCount":0,"publisher":{"@id":"https:\/\/arquitecturadelavictima.com\/#organization"},"image":{"@id":"https:\/\/arquitecturadelavictima.com\/index.php\/2023\/03\/14\/la-humanizacion-de-los-espacios-judiciales-y-arquitectura-de-la-victima\/#primaryimage"},"thumbnailUrl":"https:\/\/arquitecturadelavictima.com\/wp-content\/uploads\/2023\/03\/composicion-concepto-familia-sobre-fondo-azul-scaled.jpg","keywords":["arquitectura","arquitectura de la victima","arquitecturadelavictima","espacios protectores","interdisciplinar","ley 8\/2021","personas vulnerables","proteccion","victima"],"articleSection":["concepto","humanizacion de espacios"],"inLanguage":"es","potentialAction":[{"@type":"CommentAction","name":"Comment","target":["https:\/\/arquitecturadelavictima.com\/index.php\/2023\/03\/14\/la-humanizacion-de-los-espacios-judiciales-y-arquitectura-de-la-victima\/#respond"]}]},{"@type":"WebPage","@id":"https:\/\/arquitecturadelavictima.com\/index.php\/2023\/03\/14\/la-humanizacion-de-los-espacios-judiciales-y-arquitectura-de-la-victima\/","url":"https:\/\/arquitecturadelavictima.com\/index.php\/2023\/03\/14\/la-humanizacion-de-los-espacios-judiciales-y-arquitectura-de-la-victima\/","name":"La humanizaci\u00f3n de los espacios judiciales y \"Arquitectura de la v\u00edctima\" - Arquitectura de la v\u00edctima","isPartOf":{"@id":"https:\/\/arquitecturadelavictima.com\/#website"},"primaryImageOfPage":{"@id":"https:\/\/arquitecturadelavictima.com\/index.php\/2023\/03\/14\/la-humanizacion-de-los-espacios-judiciales-y-arquitectura-de-la-victima\/#primaryimage"},"image":{"@id":"https:\/\/arquitecturadelavictima.com\/index.php\/2023\/03\/14\/la-humanizacion-de-los-espacios-judiciales-y-arquitectura-de-la-victima\/#primaryimage"},"thumbnailUrl":"https:\/\/arquitecturadelavictima.com\/wp-content\/uploads\/2023\/03\/composicion-concepto-familia-sobre-fondo-azul-scaled.jpg","datePublished":"2023-03-14T20:19:39+00:00","dateModified":"2023-03-14T20:24:29+00:00","breadcrumb":{"@id":"https:\/\/arquitecturadelavictima.com\/index.php\/2023\/03\/14\/la-humanizacion-de-los-espacios-judiciales-y-arquitectura-de-la-victima\/#breadcrumb"},"inLanguage":"es","potentialAction":[{"@type":"ReadAction","target":["https:\/\/arquitecturadelavictima.com\/index.php\/2023\/03\/14\/la-humanizacion-de-los-espacios-judiciales-y-arquitectura-de-la-victima\/"]}]},{"@type":"ImageObject","inLanguage":"es","@id":"https:\/\/arquitecturadelavictima.com\/index.php\/2023\/03\/14\/la-humanizacion-de-los-espacios-judiciales-y-arquitectura-de-la-victima\/#primaryimage","url":"https:\/\/arquitecturadelavictima.com\/wp-content\/uploads\/2023\/03\/composicion-concepto-familia-sobre-fondo-azul-scaled.jpg","contentUrl":"https:\/\/arquitecturadelavictima.com\/wp-content\/uploads\/2023\/03\/composicion-concepto-familia-sobre-fondo-azul-scaled.jpg","width":2560,"height":1706},{"@type":"BreadcrumbList","@id":"https:\/\/arquitecturadelavictima.com\/index.php\/2023\/03\/14\/la-humanizacion-de-los-espacios-judiciales-y-arquitectura-de-la-victima\/#breadcrumb","itemListElement":[{"@type":"ListItem","position":1,"name":"Portada","item":"https:\/\/arquitecturadelavictima.com\/"},{"@type":"ListItem","position":2,"name":"La humanizaci\u00f3n de los espacios judiciales y \u00abArquitectura de la v\u00edctima\u00bb"}]},{"@type":"WebSite","@id":"https:\/\/arquitecturadelavictima.com\/#website","url":"https:\/\/arquitecturadelavictima.com\/","name":"Arquitectura de la v\u00edctima","description":"","publisher":{"@id":"https:\/\/arquitecturadelavictima.com\/#organization"},"potentialAction":[{"@type":"SearchAction","target":{"@type":"EntryPoint","urlTemplate":"https:\/\/arquitecturadelavictima.com\/?s={search_term_string}"},"query-input":{"@type":"PropertyValueSpecification","valueRequired":true,"valueName":"search_term_string"}}],"inLanguage":"es"},{"@type":"Organization","@id":"https:\/\/arquitecturadelavictima.com\/#organization","name":"Arquitectura de la v\u00edctima","url":"https:\/\/arquitecturadelavictima.com\/","logo":{"@type":"ImageObject","inLanguage":"es","@id":"https:\/\/arquitecturadelavictima.com\/#\/schema\/logo\/image\/","url":"https:\/\/arquitecturadelavictima.com\/wp-content\/uploads\/2022\/06\/cropped-Sin-elipse-negro.png","contentUrl":"https:\/\/arquitecturadelavictima.com\/wp-content\/uploads\/2022\/06\/cropped-Sin-elipse-negro.png","width":1221,"height":1056,"caption":"Arquitectura de la v\u00edctima"},"image":{"@id":"https:\/\/arquitecturadelavictima.com\/#\/schema\/logo\/image\/"}},{"@type":"Person","@id":"https:\/\/arquitecturadelavictima.com\/#\/schema\/person\/bab65cc3717050c632b89887379f23e3","name":"admin","image":{"@type":"ImageObject","inLanguage":"es","@id":"https:\/\/arquitecturadelavictima.com\/#\/schema\/person\/image\/","url":"https:\/\/secure.gravatar.com\/avatar\/cb545f80ebfe4a8c7350c9488d8d5679c40ef55c37ee485cdee8bbf502512a7d?s=96&d=mm&r=g","contentUrl":"https:\/\/secure.gravatar.com\/avatar\/cb545f80ebfe4a8c7350c9488d8d5679c40ef55c37ee485cdee8bbf502512a7d?s=96&d=mm&r=g","caption":"admin"},"sameAs":["https:\/\/arquitecturadelavictima.com"],"url":"https:\/\/arquitecturadelavictima.com\/index.php\/author\/arquitectura-de-la-victima\/"}]}},"_links":{"self":[{"href":"https:\/\/arquitecturadelavictima.com\/index.php\/wp-json\/wp\/v2\/posts\/150","targetHints":{"allow":["GET"]}}],"collection":[{"href":"https:\/\/arquitecturadelavictima.com\/index.php\/wp-json\/wp\/v2\/posts"}],"about":[{"href":"https:\/\/arquitecturadelavictima.com\/index.php\/wp-json\/wp\/v2\/types\/post"}],"author":[{"embeddable":true,"href":"https:\/\/arquitecturadelavictima.com\/index.php\/wp-json\/wp\/v2\/users\/1"}],"replies":[{"embeddable":true,"href":"https:\/\/arquitecturadelavictima.com\/index.php\/wp-json\/wp\/v2\/comments?post=150"}],"version-history":[{"count":4,"href":"https:\/\/arquitecturadelavictima.com\/index.php\/wp-json\/wp\/v2\/posts\/150\/revisions"}],"predecessor-version":[{"id":198,"href":"https:\/\/arquitecturadelavictima.com\/index.php\/wp-json\/wp\/v2\/posts\/150\/revisions\/198"}],"wp:featuredmedia":[{"embeddable":true,"href":"https:\/\/arquitecturadelavictima.com\/index.php\/wp-json\/wp\/v2\/media\/151"}],"wp:attachment":[{"href":"https:\/\/arquitecturadelavictima.com\/index.php\/wp-json\/wp\/v2\/media?parent=150"}],"wp:term":[{"taxonomy":"category","embeddable":true,"href":"https:\/\/arquitecturadelavictima.com\/index.php\/wp-json\/wp\/v2\/categories?post=150"},{"taxonomy":"post_tag","embeddable":true,"href":"https:\/\/arquitecturadelavictima.com\/index.php\/wp-json\/wp\/v2\/tags?post=150"}],"curies":[{"name":"wp","href":"https:\/\/api.w.org\/{rel}","templated":true}]}}