{"id":144,"date":"2023-03-05T14:09:41","date_gmt":"2023-03-05T14:09:41","guid":{"rendered":"https:\/\/arquitecturadelavictima.com\/?p=144"},"modified":"2023-03-05T14:12:37","modified_gmt":"2023-03-05T14:12:37","slug":"la-humanizacion-de-la-justicia-y-el-proyecto-arquitectura-de-la-victima","status":"publish","type":"post","link":"https:\/\/arquitecturadelavictima.com\/index.php\/2023\/03\/05\/la-humanizacion-de-la-justicia-y-el-proyecto-arquitectura-de-la-victima\/","title":{"rendered":"La humanizaci\u00f3n de la justicia y el proyecto \u00abArquitectura de la v\u00edctima\u00bb"},"content":{"rendered":"\t\t<div data-elementor-type=\"wp-post\" data-elementor-id=\"144\" class=\"elementor elementor-144\">\n\t\t\t\t\t\t<section class=\"elementor-section elementor-top-section elementor-element elementor-element-7edc735 elementor-section-boxed elementor-section-height-default elementor-section-height-default\" data-id=\"7edc735\" data-element_type=\"section\">\n\t\t\t\t\t\t<div class=\"elementor-container elementor-column-gap-default\">\n\t\t\t\t\t<div class=\"elementor-column elementor-col-100 elementor-top-column elementor-element elementor-element-4090c6f\" data-id=\"4090c6f\" data-element_type=\"column\">\n\t\t\t<div class=\"elementor-widget-wrap elementor-element-populated\">\n\t\t\t\t\t\t<div class=\"elementor-element elementor-element-b15af05 elementor-widget elementor-widget-text-editor\" data-id=\"b15af05\" data-element_type=\"widget\" data-widget_type=\"text-editor.default\">\n\t\t\t\t<div class=\"elementor-widget-container\">\n\t\t\t\t\t\t\t\t\t<p class=\"p1\"><span class=\"s1\" style=\"color: #000000;\">La humanizaci\u00f3n de la justicia se refiere a la creaci\u00f3n de sistemas judiciales que se centren en las necesidades y derechos de las personas, y no s\u00f3lo en la aplicaci\u00f3n de la ley. Este enfoque busca fomentar la empat\u00eda, la justicia social y el respeto a la dignidad humana en el proceso judicial y en las decisiones que se toman.<\/span><\/p><p class=\"p1\"><span class=\"s1\" style=\"color: #000000;\">Algunas de las caracter\u00edsticas de una justicia humanizada pueden incluir:<\/span><\/p><ul class=\"ul1\"><li class=\"li1\"><span class=\"s1\" style=\"color: #000000;\"><strong>Empat\u00eda<\/strong>: los jueces, fiscales y abogados deben tener la capacidad de entender y ponerse en el lugar de las personas que acuden a la justicia, y tomar decisiones justas y equitativas en consecuencia.<\/span><\/li><li class=\"li1\"><span class=\"s1\" style=\"color: #000000;\"><strong>Accesibilidad<\/strong>: los sistemas judiciales deben ser accesibles para todas las personas, independientemente de su origen, g\u00e9nero, orientaci\u00f3n sexual o condici\u00f3n social, y deben contar con servicios de interpretaci\u00f3n y traducci\u00f3n para garantizar que todas las personas puedan comprender y participar en el proceso.<\/span><\/li><li class=\"li1\"><span class=\"s1\" style=\"color: #000000;\"><strong>Transparencia<\/strong>: los sistemas judiciales deben ser transparentes y rendir cuentas a la sociedad, para garantizar la confianza de la ciudadan\u00eda en la justicia y prevenir la corrupci\u00f3n.<\/span><\/li><li class=\"li1\"><span class=\"s1\" style=\"color: #000000;\"><strong>Respeto a los derechos humanos:<\/strong> los sistemas judiciales deben respetar y proteger los derechos humanos de todas las personas, incluyendo el derecho a un juicio justo, la presunci\u00f3n de inocencia, la protecci\u00f3n contra la tortura y los tratos crueles, inhumanos o degradantes, entre otros.<\/span><\/li><li class=\"li1\"><span class=\"s1\" style=\"color: #000000;\"><strong>Enfoque en la reparaci\u00f3n y la resoluci\u00f3n pac\u00edfica de conflictos<\/strong>: los sistemas judiciales deben tener un enfoque centrado en la reparaci\u00f3n del da\u00f1o causado y la resoluci\u00f3n pac\u00edfica de los conflictos, en lugar de la simple sanci\u00f3n o castigo de los responsables.<\/span><\/li><\/ul><p class=\"p1\"><span class=\"s1\" style=\"color: #000000;\">En definitiva, la humanizaci\u00f3n de la justicia busca <strong>garantizar que los sistemas judiciales sean m\u00e1s justos, equitativos, accesibles y respetuosos<\/strong> con los derechos humanos de todas las personas involucradas en el proceso judicial.<\/span><\/p>\t\t\t\t\t\t\t\t<\/div>\n\t\t\t\t<\/div>\n\t\t\t\t\t<\/div>\n\t\t<\/div>\n\t\t\t\t\t<\/div>\n\t\t<\/section>\n\t\t\t\t<\/div>\n\t\t","protected":false},"excerpt":{"rendered":"<p>La humanizaci\u00f3n de la justicia se refiere a la creaci\u00f3n de sistemas judiciales que se centren en las necesidades y derechos de las personas, y no s\u00f3lo en la aplicaci\u00f3n de la ley. Este enfoque busca fomentar la empat\u00eda, la justicia social y el respeto a la dignidad humana en [&hellip;]<\/p>\n","protected":false},"author":1,"featured_media":88,"comment_status":"open","ping_status":"closed","sticky":false,"template":"","format":"standard","meta":{"footnotes":""},"categories":[12],"tags":[10,5,9,7,6,11],"class_list":["post-144","post","type-post","status-publish","format-standard","has-post-thumbnail","hentry","category-concepto","tag-adaptar","tag-arquitectura","tag-ley-8-2021","tag-personas-vulnerables","tag-victima","tag-victimizacion-secundaria"],"yoast_head":"<!-- This site is optimized with the Yoast SEO plugin v26.5 - https:\/\/yoast.com\/wordpress\/plugins\/seo\/ -->\n<title>La humanizaci\u00f3n de la justicia y el proyecto &quot;Arquitectura de la v\u00edctima&quot; - Arquitectura de la v\u00edctima<\/title>\n<meta name=\"robots\" content=\"index, follow, max-snippet:-1, max-image-preview:large, max-video-preview:-1\" \/>\n<link rel=\"canonical\" href=\"https:\/\/arquitecturadelavictima.com\/index.php\/2023\/03\/05\/la-humanizacion-de-la-justicia-y-el-proyecto-arquitectura-de-la-victima\/\" \/>\n<meta property=\"og:locale\" content=\"es_ES\" \/>\n<meta property=\"og:type\" content=\"article\" \/>\n<meta property=\"og:title\" content=\"La humanizaci\u00f3n de la justicia y el proyecto &quot;Arquitectura de la v\u00edctima&quot; - Arquitectura de la v\u00edctima\" \/>\n<meta property=\"og:description\" content=\"La humanizaci\u00f3n de la justicia se refiere a la creaci\u00f3n de sistemas judiciales que se centren en las necesidades y derechos de las personas, y no s\u00f3lo en la aplicaci\u00f3n de la ley. Este enfoque busca fomentar la empat\u00eda, la justicia social y el respeto a la dignidad humana en [&hellip;]\" \/>\n<meta property=\"og:url\" content=\"https:\/\/arquitecturadelavictima.com\/index.php\/2023\/03\/05\/la-humanizacion-de-la-justicia-y-el-proyecto-arquitectura-de-la-victima\/\" \/>\n<meta property=\"og:site_name\" content=\"Arquitectura de la v\u00edctima\" \/>\n<meta property=\"article:published_time\" content=\"2023-03-05T14:09:41+00:00\" \/>\n<meta property=\"article:modified_time\" content=\"2023-03-05T14:12:37+00:00\" \/>\n<meta property=\"og:image\" content=\"https:\/\/arquitecturadelavictima.com\/wp-content\/uploads\/2022\/06\/flat-lay-graphic-designer-desk-composition-scaled.jpg\" \/>\n\t<meta property=\"og:image:width\" content=\"2560\" \/>\n\t<meta property=\"og:image:height\" content=\"1707\" \/>\n\t<meta property=\"og:image:type\" content=\"image\/jpeg\" \/>\n<meta name=\"author\" content=\"admin\" \/>\n<meta name=\"twitter:card\" content=\"summary_large_image\" \/>\n<meta name=\"twitter:label1\" content=\"Escrito por\" \/>\n\t<meta name=\"twitter:data1\" content=\"admin\" \/>\n\t<meta name=\"twitter:label2\" content=\"Tiempo de lectura\" \/>\n\t<meta name=\"twitter:data2\" content=\"2 minutos\" \/>\n<script type=\"application\/ld+json\" class=\"yoast-schema-graph\">{\"@context\":\"https:\/\/schema.org\",\"@graph\":[{\"@type\":\"Article\",\"@id\":\"https:\/\/arquitecturadelavictima.com\/index.php\/2023\/03\/05\/la-humanizacion-de-la-justicia-y-el-proyecto-arquitectura-de-la-victima\/#article\",\"isPartOf\":{\"@id\":\"https:\/\/arquitecturadelavictima.com\/index.php\/2023\/03\/05\/la-humanizacion-de-la-justicia-y-el-proyecto-arquitectura-de-la-victima\/\"},\"author\":{\"name\":\"admin\",\"@id\":\"https:\/\/arquitecturadelavictima.com\/#\/schema\/person\/bab65cc3717050c632b89887379f23e3\"},\"headline\":\"La humanizaci\u00f3n de la justicia y el proyecto \u00abArquitectura de la v\u00edctima\u00bb\",\"datePublished\":\"2023-03-05T14:09:41+00:00\",\"dateModified\":\"2023-03-05T14:12:37+00:00\",\"mainEntityOfPage\":{\"@id\":\"https:\/\/arquitecturadelavictima.com\/index.php\/2023\/03\/05\/la-humanizacion-de-la-justicia-y-el-proyecto-arquitectura-de-la-victima\/\"},\"wordCount\":332,\"commentCount\":0,\"publisher\":{\"@id\":\"https:\/\/arquitecturadelavictima.com\/#organization\"},\"image\":{\"@id\":\"https:\/\/arquitecturadelavictima.com\/index.php\/2023\/03\/05\/la-humanizacion-de-la-justicia-y-el-proyecto-arquitectura-de-la-victima\/#primaryimage\"},\"thumbnailUrl\":\"https:\/\/arquitecturadelavictima.com\/wp-content\/uploads\/2022\/06\/flat-lay-graphic-designer-desk-composition-scaled.jpg\",\"keywords\":[\"adaptar\",\"arquitectura\",\"ley 8\/2021\",\"personas vulnerables\",\"victima\",\"victimizacion secundaria\"],\"articleSection\":[\"concepto\"],\"inLanguage\":\"es\",\"potentialAction\":[{\"@type\":\"CommentAction\",\"name\":\"Comment\",\"target\":[\"https:\/\/arquitecturadelavictima.com\/index.php\/2023\/03\/05\/la-humanizacion-de-la-justicia-y-el-proyecto-arquitectura-de-la-victima\/#respond\"]}]},{\"@type\":\"WebPage\",\"@id\":\"https:\/\/arquitecturadelavictima.com\/index.php\/2023\/03\/05\/la-humanizacion-de-la-justicia-y-el-proyecto-arquitectura-de-la-victima\/\",\"url\":\"https:\/\/arquitecturadelavictima.com\/index.php\/2023\/03\/05\/la-humanizacion-de-la-justicia-y-el-proyecto-arquitectura-de-la-victima\/\",\"name\":\"La humanizaci\u00f3n de la justicia y el proyecto \\\"Arquitectura de la v\u00edctima\\\" - Arquitectura de la v\u00edctima\",\"isPartOf\":{\"@id\":\"https:\/\/arquitecturadelavictima.com\/#website\"},\"primaryImageOfPage\":{\"@id\":\"https:\/\/arquitecturadelavictima.com\/index.php\/2023\/03\/05\/la-humanizacion-de-la-justicia-y-el-proyecto-arquitectura-de-la-victima\/#primaryimage\"},\"image\":{\"@id\":\"https:\/\/arquitecturadelavictima.com\/index.php\/2023\/03\/05\/la-humanizacion-de-la-justicia-y-el-proyecto-arquitectura-de-la-victima\/#primaryimage\"},\"thumbnailUrl\":\"https:\/\/arquitecturadelavictima.com\/wp-content\/uploads\/2022\/06\/flat-lay-graphic-designer-desk-composition-scaled.jpg\",\"datePublished\":\"2023-03-05T14:09:41+00:00\",\"dateModified\":\"2023-03-05T14:12:37+00:00\",\"breadcrumb\":{\"@id\":\"https:\/\/arquitecturadelavictima.com\/index.php\/2023\/03\/05\/la-humanizacion-de-la-justicia-y-el-proyecto-arquitectura-de-la-victima\/#breadcrumb\"},\"inLanguage\":\"es\",\"potentialAction\":[{\"@type\":\"ReadAction\",\"target\":[\"https:\/\/arquitecturadelavictima.com\/index.php\/2023\/03\/05\/la-humanizacion-de-la-justicia-y-el-proyecto-arquitectura-de-la-victima\/\"]}]},{\"@type\":\"ImageObject\",\"inLanguage\":\"es\",\"@id\":\"https:\/\/arquitecturadelavictima.com\/index.php\/2023\/03\/05\/la-humanizacion-de-la-justicia-y-el-proyecto-arquitectura-de-la-victima\/#primaryimage\",\"url\":\"https:\/\/arquitecturadelavictima.com\/wp-content\/uploads\/2022\/06\/flat-lay-graphic-designer-desk-composition-scaled.jpg\",\"contentUrl\":\"https:\/\/arquitecturadelavictima.com\/wp-content\/uploads\/2022\/06\/flat-lay-graphic-designer-desk-composition-scaled.jpg\",\"width\":2560,\"height\":1707},{\"@type\":\"BreadcrumbList\",\"@id\":\"https:\/\/arquitecturadelavictima.com\/index.php\/2023\/03\/05\/la-humanizacion-de-la-justicia-y-el-proyecto-arquitectura-de-la-victima\/#breadcrumb\",\"itemListElement\":[{\"@type\":\"ListItem\",\"position\":1,\"name\":\"Portada\",\"item\":\"https:\/\/arquitecturadelavictima.com\/\"},{\"@type\":\"ListItem\",\"position\":2,\"name\":\"La humanizaci\u00f3n de la justicia y el proyecto \u00abArquitectura de la v\u00edctima\u00bb\"}]},{\"@type\":\"WebSite\",\"@id\":\"https:\/\/arquitecturadelavictima.com\/#website\",\"url\":\"https:\/\/arquitecturadelavictima.com\/\",\"name\":\"Arquitectura de la v\u00edctima\",\"description\":\"\",\"publisher\":{\"@id\":\"https:\/\/arquitecturadelavictima.com\/#organization\"},\"potentialAction\":[{\"@type\":\"SearchAction\",\"target\":{\"@type\":\"EntryPoint\",\"urlTemplate\":\"https:\/\/arquitecturadelavictima.com\/?s={search_term_string}\"},\"query-input\":{\"@type\":\"PropertyValueSpecification\",\"valueRequired\":true,\"valueName\":\"search_term_string\"}}],\"inLanguage\":\"es\"},{\"@type\":\"Organization\",\"@id\":\"https:\/\/arquitecturadelavictima.com\/#organization\",\"name\":\"Arquitectura de la v\u00edctima\",\"url\":\"https:\/\/arquitecturadelavictima.com\/\",\"logo\":{\"@type\":\"ImageObject\",\"inLanguage\":\"es\",\"@id\":\"https:\/\/arquitecturadelavictima.com\/#\/schema\/logo\/image\/\",\"url\":\"https:\/\/arquitecturadelavictima.com\/wp-content\/uploads\/2022\/06\/cropped-Sin-elipse-negro.png\",\"contentUrl\":\"https:\/\/arquitecturadelavictima.com\/wp-content\/uploads\/2022\/06\/cropped-Sin-elipse-negro.png\",\"width\":1221,\"height\":1056,\"caption\":\"Arquitectura de la v\u00edctima\"},\"image\":{\"@id\":\"https:\/\/arquitecturadelavictima.com\/#\/schema\/logo\/image\/\"}},{\"@type\":\"Person\",\"@id\":\"https:\/\/arquitecturadelavictima.com\/#\/schema\/person\/bab65cc3717050c632b89887379f23e3\",\"name\":\"admin\",\"image\":{\"@type\":\"ImageObject\",\"inLanguage\":\"es\",\"@id\":\"https:\/\/arquitecturadelavictima.com\/#\/schema\/person\/image\/\",\"url\":\"https:\/\/secure.gravatar.com\/avatar\/cb545f80ebfe4a8c7350c9488d8d5679c40ef55c37ee485cdee8bbf502512a7d?s=96&d=mm&r=g\",\"contentUrl\":\"https:\/\/secure.gravatar.com\/avatar\/cb545f80ebfe4a8c7350c9488d8d5679c40ef55c37ee485cdee8bbf502512a7d?s=96&d=mm&r=g\",\"caption\":\"admin\"},\"sameAs\":[\"https:\/\/arquitecturadelavictima.com\"],\"url\":\"https:\/\/arquitecturadelavictima.com\/index.php\/author\/arquitectura-de-la-victima\/\"}]}<\/script>\n<!-- \/ Yoast SEO plugin. -->","yoast_head_json":{"title":"La humanizaci\u00f3n de la justicia y el proyecto \"Arquitectura de la v\u00edctima\" - Arquitectura de la v\u00edctima","robots":{"index":"index","follow":"follow","max-snippet":"max-snippet:-1","max-image-preview":"max-image-preview:large","max-video-preview":"max-video-preview:-1"},"canonical":"https:\/\/arquitecturadelavictima.com\/index.php\/2023\/03\/05\/la-humanizacion-de-la-justicia-y-el-proyecto-arquitectura-de-la-victima\/","og_locale":"es_ES","og_type":"article","og_title":"La humanizaci\u00f3n de la justicia y el proyecto \"Arquitectura de la v\u00edctima\" - Arquitectura de la v\u00edctima","og_description":"La humanizaci\u00f3n de la justicia se refiere a la creaci\u00f3n de sistemas judiciales que se centren en las necesidades y derechos de las personas, y no s\u00f3lo en la aplicaci\u00f3n de la ley. Este enfoque busca fomentar la empat\u00eda, la justicia social y el respeto a la dignidad humana en [&hellip;]","og_url":"https:\/\/arquitecturadelavictima.com\/index.php\/2023\/03\/05\/la-humanizacion-de-la-justicia-y-el-proyecto-arquitectura-de-la-victima\/","og_site_name":"Arquitectura de la v\u00edctima","article_published_time":"2023-03-05T14:09:41+00:00","article_modified_time":"2023-03-05T14:12:37+00:00","og_image":[{"width":2560,"height":1707,"url":"https:\/\/arquitecturadelavictima.com\/wp-content\/uploads\/2022\/06\/flat-lay-graphic-designer-desk-composition-scaled.jpg","type":"image\/jpeg"}],"author":"admin","twitter_card":"summary_large_image","twitter_misc":{"Escrito por":"admin","Tiempo de lectura":"2 minutos"},"schema":{"@context":"https:\/\/schema.org","@graph":[{"@type":"Article","@id":"https:\/\/arquitecturadelavictima.com\/index.php\/2023\/03\/05\/la-humanizacion-de-la-justicia-y-el-proyecto-arquitectura-de-la-victima\/#article","isPartOf":{"@id":"https:\/\/arquitecturadelavictima.com\/index.php\/2023\/03\/05\/la-humanizacion-de-la-justicia-y-el-proyecto-arquitectura-de-la-victima\/"},"author":{"name":"admin","@id":"https:\/\/arquitecturadelavictima.com\/#\/schema\/person\/bab65cc3717050c632b89887379f23e3"},"headline":"La humanizaci\u00f3n de la justicia y el proyecto \u00abArquitectura de la v\u00edctima\u00bb","datePublished":"2023-03-05T14:09:41+00:00","dateModified":"2023-03-05T14:12:37+00:00","mainEntityOfPage":{"@id":"https:\/\/arquitecturadelavictima.com\/index.php\/2023\/03\/05\/la-humanizacion-de-la-justicia-y-el-proyecto-arquitectura-de-la-victima\/"},"wordCount":332,"commentCount":0,"publisher":{"@id":"https:\/\/arquitecturadelavictima.com\/#organization"},"image":{"@id":"https:\/\/arquitecturadelavictima.com\/index.php\/2023\/03\/05\/la-humanizacion-de-la-justicia-y-el-proyecto-arquitectura-de-la-victima\/#primaryimage"},"thumbnailUrl":"https:\/\/arquitecturadelavictima.com\/wp-content\/uploads\/2022\/06\/flat-lay-graphic-designer-desk-composition-scaled.jpg","keywords":["adaptar","arquitectura","ley 8\/2021","personas vulnerables","victima","victimizacion secundaria"],"articleSection":["concepto"],"inLanguage":"es","potentialAction":[{"@type":"CommentAction","name":"Comment","target":["https:\/\/arquitecturadelavictima.com\/index.php\/2023\/03\/05\/la-humanizacion-de-la-justicia-y-el-proyecto-arquitectura-de-la-victima\/#respond"]}]},{"@type":"WebPage","@id":"https:\/\/arquitecturadelavictima.com\/index.php\/2023\/03\/05\/la-humanizacion-de-la-justicia-y-el-proyecto-arquitectura-de-la-victima\/","url":"https:\/\/arquitecturadelavictima.com\/index.php\/2023\/03\/05\/la-humanizacion-de-la-justicia-y-el-proyecto-arquitectura-de-la-victima\/","name":"La humanizaci\u00f3n de la justicia y el proyecto \"Arquitectura de la v\u00edctima\" - Arquitectura de la v\u00edctima","isPartOf":{"@id":"https:\/\/arquitecturadelavictima.com\/#website"},"primaryImageOfPage":{"@id":"https:\/\/arquitecturadelavictima.com\/index.php\/2023\/03\/05\/la-humanizacion-de-la-justicia-y-el-proyecto-arquitectura-de-la-victima\/#primaryimage"},"image":{"@id":"https:\/\/arquitecturadelavictima.com\/index.php\/2023\/03\/05\/la-humanizacion-de-la-justicia-y-el-proyecto-arquitectura-de-la-victima\/#primaryimage"},"thumbnailUrl":"https:\/\/arquitecturadelavictima.com\/wp-content\/uploads\/2022\/06\/flat-lay-graphic-designer-desk-composition-scaled.jpg","datePublished":"2023-03-05T14:09:41+00:00","dateModified":"2023-03-05T14:12:37+00:00","breadcrumb":{"@id":"https:\/\/arquitecturadelavictima.com\/index.php\/2023\/03\/05\/la-humanizacion-de-la-justicia-y-el-proyecto-arquitectura-de-la-victima\/#breadcrumb"},"inLanguage":"es","potentialAction":[{"@type":"ReadAction","target":["https:\/\/arquitecturadelavictima.com\/index.php\/2023\/03\/05\/la-humanizacion-de-la-justicia-y-el-proyecto-arquitectura-de-la-victima\/"]}]},{"@type":"ImageObject","inLanguage":"es","@id":"https:\/\/arquitecturadelavictima.com\/index.php\/2023\/03\/05\/la-humanizacion-de-la-justicia-y-el-proyecto-arquitectura-de-la-victima\/#primaryimage","url":"https:\/\/arquitecturadelavictima.com\/wp-content\/uploads\/2022\/06\/flat-lay-graphic-designer-desk-composition-scaled.jpg","contentUrl":"https:\/\/arquitecturadelavictima.com\/wp-content\/uploads\/2022\/06\/flat-lay-graphic-designer-desk-composition-scaled.jpg","width":2560,"height":1707},{"@type":"BreadcrumbList","@id":"https:\/\/arquitecturadelavictima.com\/index.php\/2023\/03\/05\/la-humanizacion-de-la-justicia-y-el-proyecto-arquitectura-de-la-victima\/#breadcrumb","itemListElement":[{"@type":"ListItem","position":1,"name":"Portada","item":"https:\/\/arquitecturadelavictima.com\/"},{"@type":"ListItem","position":2,"name":"La humanizaci\u00f3n de la justicia y el proyecto \u00abArquitectura de la v\u00edctima\u00bb"}]},{"@type":"WebSite","@id":"https:\/\/arquitecturadelavictima.com\/#website","url":"https:\/\/arquitecturadelavictima.com\/","name":"Arquitectura de la v\u00edctima","description":"","publisher":{"@id":"https:\/\/arquitecturadelavictima.com\/#organization"},"potentialAction":[{"@type":"SearchAction","target":{"@type":"EntryPoint","urlTemplate":"https:\/\/arquitecturadelavictima.com\/?s={search_term_string}"},"query-input":{"@type":"PropertyValueSpecification","valueRequired":true,"valueName":"search_term_string"}}],"inLanguage":"es"},{"@type":"Organization","@id":"https:\/\/arquitecturadelavictima.com\/#organization","name":"Arquitectura de la v\u00edctima","url":"https:\/\/arquitecturadelavictima.com\/","logo":{"@type":"ImageObject","inLanguage":"es","@id":"https:\/\/arquitecturadelavictima.com\/#\/schema\/logo\/image\/","url":"https:\/\/arquitecturadelavictima.com\/wp-content\/uploads\/2022\/06\/cropped-Sin-elipse-negro.png","contentUrl":"https:\/\/arquitecturadelavictima.com\/wp-content\/uploads\/2022\/06\/cropped-Sin-elipse-negro.png","width":1221,"height":1056,"caption":"Arquitectura de la v\u00edctima"},"image":{"@id":"https:\/\/arquitecturadelavictima.com\/#\/schema\/logo\/image\/"}},{"@type":"Person","@id":"https:\/\/arquitecturadelavictima.com\/#\/schema\/person\/bab65cc3717050c632b89887379f23e3","name":"admin","image":{"@type":"ImageObject","inLanguage":"es","@id":"https:\/\/arquitecturadelavictima.com\/#\/schema\/person\/image\/","url":"https:\/\/secure.gravatar.com\/avatar\/cb545f80ebfe4a8c7350c9488d8d5679c40ef55c37ee485cdee8bbf502512a7d?s=96&d=mm&r=g","contentUrl":"https:\/\/secure.gravatar.com\/avatar\/cb545f80ebfe4a8c7350c9488d8d5679c40ef55c37ee485cdee8bbf502512a7d?s=96&d=mm&r=g","caption":"admin"},"sameAs":["https:\/\/arquitecturadelavictima.com"],"url":"https:\/\/arquitecturadelavictima.com\/index.php\/author\/arquitectura-de-la-victima\/"}]}},"_links":{"self":[{"href":"https:\/\/arquitecturadelavictima.com\/index.php\/wp-json\/wp\/v2\/posts\/144","targetHints":{"allow":["GET"]}}],"collection":[{"href":"https:\/\/arquitecturadelavictima.com\/index.php\/wp-json\/wp\/v2\/posts"}],"about":[{"href":"https:\/\/arquitecturadelavictima.com\/index.php\/wp-json\/wp\/v2\/types\/post"}],"author":[{"embeddable":true,"href":"https:\/\/arquitecturadelavictima.com\/index.php\/wp-json\/wp\/v2\/users\/1"}],"replies":[{"embeddable":true,"href":"https:\/\/arquitecturadelavictima.com\/index.php\/wp-json\/wp\/v2\/comments?post=144"}],"version-history":[{"count":4,"href":"https:\/\/arquitecturadelavictima.com\/index.php\/wp-json\/wp\/v2\/posts\/144\/revisions"}],"predecessor-version":[{"id":148,"href":"https:\/\/arquitecturadelavictima.com\/index.php\/wp-json\/wp\/v2\/posts\/144\/revisions\/148"}],"wp:featuredmedia":[{"embeddable":true,"href":"https:\/\/arquitecturadelavictima.com\/index.php\/wp-json\/wp\/v2\/media\/88"}],"wp:attachment":[{"href":"https:\/\/arquitecturadelavictima.com\/index.php\/wp-json\/wp\/v2\/media?parent=144"}],"wp:term":[{"taxonomy":"category","embeddable":true,"href":"https:\/\/arquitecturadelavictima.com\/index.php\/wp-json\/wp\/v2\/categories?post=144"},{"taxonomy":"post_tag","embeddable":true,"href":"https:\/\/arquitecturadelavictima.com\/index.php\/wp-json\/wp\/v2\/tags?post=144"}],"curies":[{"name":"wp","href":"https:\/\/api.w.org\/{rel}","templated":true}]}}