{"id":134,"date":"2022-06-22T17:48:36","date_gmt":"2022-06-22T17:48:36","guid":{"rendered":"https:\/\/arquitecturadelavictima.com\/?p=134"},"modified":"2022-06-22T17:55:39","modified_gmt":"2022-06-22T17:55:39","slug":"espacios-amigables","status":"publish","type":"post","link":"https:\/\/arquitecturadelavictima.com\/index.php\/2022\/06\/22\/espacios-amigables\/","title":{"rendered":"Espacios amigables"},"content":{"rendered":"\t\t<div data-elementor-type=\"wp-post\" data-elementor-id=\"134\" class=\"elementor elementor-134\">\n\t\t\t\t\t\t<section class=\"elementor-section elementor-top-section elementor-element elementor-element-dd911fd elementor-section-boxed elementor-section-height-default elementor-section-height-default\" data-id=\"dd911fd\" data-element_type=\"section\">\n\t\t\t\t\t\t<div class=\"elementor-container elementor-column-gap-default\">\n\t\t\t\t\t<div class=\"elementor-column elementor-col-100 elementor-top-column elementor-element elementor-element-26b7a08\" data-id=\"26b7a08\" data-element_type=\"column\">\n\t\t\t<div class=\"elementor-widget-wrap elementor-element-populated\">\n\t\t\t\t\t\t<div class=\"elementor-element elementor-element-4671467 elementor-widget elementor-widget-text-editor\" data-id=\"4671467\" data-element_type=\"widget\" data-widget_type=\"text-editor.default\">\n\t\t\t\t<div class=\"elementor-widget-container\">\n\t\t\t\t\t\t\t\t\t<p><span style=\"color: #000000;\"><span style=\"font-weight: 400;\">La Ley Org\u00e1nica de Protecci\u00f3n Integral a la Infancia y la Adolescencia frente a la Violencia (L.O 8\/2021) remarca la importancia de los entornos adaptados a los menores v\u00edctimas de violencia. Adem\u00e1s, cabe mencionar que la Carta de Derechos de los Ciudadanos ante la Justicia, que prev\u00e9 de forma expresa: que las dependencias judiciales accesibles al p\u00fablico, tales como zonas de espera o salas de vistas, deber\u00e1n reunir las condiciones y servicios necesarios para asegurar una correcta atenci\u00f3n al ciudadano. Fruto de ello, el concepto de \u00abespacios amigables\u00bb ha cobrado fuerza y se ha convertido en un concepto muy importante, casi de obligado cumplimiento. En Espa\u00f1a el equipo de \u00abarquitectura de la v\u00edctima\u00bb est\u00e1 trabajando en iniciativas que desarrollan el concepto de \u00abespacios amigables\u00bb dirigidos a personas vulnerables, en concreto, con ni\u00f1os, ni\u00f1as y adolescentes que han sido v\u00edctimas de violencia. Algunos de los objetivos que se buscan son:<\/span><\/span><\/p><ul><li><span style=\"font-weight: 400; color: #000000;\">Reducir la ansiedad.<\/span><\/li><li><span style=\"font-weight: 400; color: #000000;\">Eliminar la victimizaci\u00f3n secundaria<\/span><\/li><li><span style=\"font-weight: 400; color: #000000;\">Generar emociones de relajaci\u00f3n, seguridad o tranquilidad.<\/span><\/li><\/ul><p><\/p><p><img fetchpriority=\"high\" decoding=\"async\" src=\"https:\/\/arquitecturadelavictima.com\/wp-content\/uploads\/2022\/06\/close-up-hand-drawing-furniture-1024x702.jpg\" alt=\"\" width=\"750\" height=\"514\" class=\"aligncenter size-large wp-image-91\" srcset=\"https:\/\/arquitecturadelavictima.com\/wp-content\/uploads\/2022\/06\/close-up-hand-drawing-furniture-1024x702.jpg 1024w, https:\/\/arquitecturadelavictima.com\/wp-content\/uploads\/2022\/06\/close-up-hand-drawing-furniture-300x206.jpg 300w, https:\/\/arquitecturadelavictima.com\/wp-content\/uploads\/2022\/06\/close-up-hand-drawing-furniture-768x526.jpg 768w, https:\/\/arquitecturadelavictima.com\/wp-content\/uploads\/2022\/06\/close-up-hand-drawing-furniture-1536x1053.jpg 1536w, https:\/\/arquitecturadelavictima.com\/wp-content\/uploads\/2022\/06\/close-up-hand-drawing-furniture-2048x1404.jpg 2048w\" sizes=\"(max-width: 750px) 100vw, 750px\" \/><\/p>\t\t\t\t\t\t\t\t<\/div>\n\t\t\t\t<\/div>\n\t\t\t\t\t<\/div>\n\t\t<\/div>\n\t\t\t\t\t<\/div>\n\t\t<\/section>\n\t\t\t\t<\/div>\n\t\t","protected":false},"excerpt":{"rendered":"<p>La Ley Org\u00e1nica de Protecci\u00f3n Integral a la Infancia y la Adolescencia frente a la Violencia (L.O 8\/2021) remarca la importancia de los entornos adaptados a los menores v\u00edctimas de violencia. Adem\u00e1s, cabe mencionar que la Carta de Derechos de los Ciudadanos ante la Justicia, que prev\u00e9 de forma expresa: [&hellip;]<\/p>\n","protected":false},"author":1,"featured_media":89,"comment_status":"open","ping_status":"closed","sticky":false,"template":"","format":"standard","meta":{"footnotes":""},"categories":[12],"tags":[10,5,8,9,7,6,11],"class_list":["post-134","post","type-post","status-publish","format-standard","has-post-thumbnail","hentry","category-concepto","tag-adaptar","tag-arquitectura","tag-interdisciplinar","tag-ley-8-2021","tag-personas-vulnerables","tag-victima","tag-victimizacion-secundaria"],"yoast_head":"<!-- This site is optimized with the Yoast SEO plugin v26.5 - https:\/\/yoast.com\/wordpress\/plugins\/seo\/ -->\n<title>Espacios amigables - Arquitectura de la v\u00edctima<\/title>\n<meta name=\"robots\" content=\"index, follow, max-snippet:-1, max-image-preview:large, max-video-preview:-1\" \/>\n<link rel=\"canonical\" href=\"https:\/\/arquitecturadelavictima.com\/index.php\/2022\/06\/22\/espacios-amigables\/\" \/>\n<meta property=\"og:locale\" content=\"es_ES\" \/>\n<meta property=\"og:type\" content=\"article\" \/>\n<meta property=\"og:title\" content=\"Espacios amigables - Arquitectura de la v\u00edctima\" \/>\n<meta property=\"og:description\" content=\"La Ley Org\u00e1nica de Protecci\u00f3n Integral a la Infancia y la Adolescencia frente a la Violencia (L.O 8\/2021) remarca la importancia de los entornos adaptados a los menores v\u00edctimas de violencia. Adem\u00e1s, cabe mencionar que la Carta de Derechos de los Ciudadanos ante la Justicia, que prev\u00e9 de forma expresa: [&hellip;]\" \/>\n<meta property=\"og:url\" content=\"https:\/\/arquitecturadelavictima.com\/index.php\/2022\/06\/22\/espacios-amigables\/\" \/>\n<meta property=\"og:site_name\" content=\"Arquitectura de la v\u00edctima\" \/>\n<meta property=\"article:published_time\" content=\"2022-06-22T17:48:36+00:00\" \/>\n<meta property=\"article:modified_time\" content=\"2022-06-22T17:55:39+00:00\" \/>\n<meta property=\"og:image\" content=\"https:\/\/arquitecturadelavictima.com\/wp-content\/uploads\/2022\/06\/ideas-vision-creative-mission-solution-cocnept-scaled.jpg\" \/>\n\t<meta property=\"og:image:width\" content=\"2560\" \/>\n\t<meta property=\"og:image:height\" content=\"1706\" \/>\n\t<meta property=\"og:image:type\" content=\"image\/jpeg\" \/>\n<meta name=\"author\" content=\"admin\" \/>\n<meta name=\"twitter:card\" content=\"summary_large_image\" \/>\n<meta name=\"twitter:label1\" content=\"Escrito por\" \/>\n\t<meta name=\"twitter:data1\" content=\"admin\" \/>\n\t<meta name=\"twitter:label2\" content=\"Tiempo de lectura\" \/>\n\t<meta name=\"twitter:data2\" content=\"1 minuto\" \/>\n<script type=\"application\/ld+json\" class=\"yoast-schema-graph\">{\"@context\":\"https:\/\/schema.org\",\"@graph\":[{\"@type\":\"Article\",\"@id\":\"https:\/\/arquitecturadelavictima.com\/index.php\/2022\/06\/22\/espacios-amigables\/#article\",\"isPartOf\":{\"@id\":\"https:\/\/arquitecturadelavictima.com\/index.php\/2022\/06\/22\/espacios-amigables\/\"},\"author\":{\"name\":\"admin\",\"@id\":\"https:\/\/arquitecturadelavictima.com\/#\/schema\/person\/bab65cc3717050c632b89887379f23e3\"},\"headline\":\"Espacios amigables\",\"datePublished\":\"2022-06-22T17:48:36+00:00\",\"dateModified\":\"2022-06-22T17:55:39+00:00\",\"mainEntityOfPage\":{\"@id\":\"https:\/\/arquitecturadelavictima.com\/index.php\/2022\/06\/22\/espacios-amigables\/\"},\"wordCount\":179,\"commentCount\":0,\"publisher\":{\"@id\":\"https:\/\/arquitecturadelavictima.com\/#organization\"},\"image\":{\"@id\":\"https:\/\/arquitecturadelavictima.com\/index.php\/2022\/06\/22\/espacios-amigables\/#primaryimage\"},\"thumbnailUrl\":\"https:\/\/arquitecturadelavictima.com\/wp-content\/uploads\/2022\/06\/ideas-vision-creative-mission-solution-cocnept-scaled.jpg\",\"keywords\":[\"adaptar\",\"arquitectura\",\"interdisciplinar\",\"ley 8\/2021\",\"personas vulnerables\",\"victima\",\"victimizacion secundaria\"],\"articleSection\":[\"concepto\"],\"inLanguage\":\"es\",\"potentialAction\":[{\"@type\":\"CommentAction\",\"name\":\"Comment\",\"target\":[\"https:\/\/arquitecturadelavictima.com\/index.php\/2022\/06\/22\/espacios-amigables\/#respond\"]}]},{\"@type\":\"WebPage\",\"@id\":\"https:\/\/arquitecturadelavictima.com\/index.php\/2022\/06\/22\/espacios-amigables\/\",\"url\":\"https:\/\/arquitecturadelavictima.com\/index.php\/2022\/06\/22\/espacios-amigables\/\",\"name\":\"Espacios amigables - Arquitectura de la v\u00edctima\",\"isPartOf\":{\"@id\":\"https:\/\/arquitecturadelavictima.com\/#website\"},\"primaryImageOfPage\":{\"@id\":\"https:\/\/arquitecturadelavictima.com\/index.php\/2022\/06\/22\/espacios-amigables\/#primaryimage\"},\"image\":{\"@id\":\"https:\/\/arquitecturadelavictima.com\/index.php\/2022\/06\/22\/espacios-amigables\/#primaryimage\"},\"thumbnailUrl\":\"https:\/\/arquitecturadelavictima.com\/wp-content\/uploads\/2022\/06\/ideas-vision-creative-mission-solution-cocnept-scaled.jpg\",\"datePublished\":\"2022-06-22T17:48:36+00:00\",\"dateModified\":\"2022-06-22T17:55:39+00:00\",\"breadcrumb\":{\"@id\":\"https:\/\/arquitecturadelavictima.com\/index.php\/2022\/06\/22\/espacios-amigables\/#breadcrumb\"},\"inLanguage\":\"es\",\"potentialAction\":[{\"@type\":\"ReadAction\",\"target\":[\"https:\/\/arquitecturadelavictima.com\/index.php\/2022\/06\/22\/espacios-amigables\/\"]}]},{\"@type\":\"ImageObject\",\"inLanguage\":\"es\",\"@id\":\"https:\/\/arquitecturadelavictima.com\/index.php\/2022\/06\/22\/espacios-amigables\/#primaryimage\",\"url\":\"https:\/\/arquitecturadelavictima.com\/wp-content\/uploads\/2022\/06\/ideas-vision-creative-mission-solution-cocnept-scaled.jpg\",\"contentUrl\":\"https:\/\/arquitecturadelavictima.com\/wp-content\/uploads\/2022\/06\/ideas-vision-creative-mission-solution-cocnept-scaled.jpg\",\"width\":2560,\"height\":1706,\"caption\":\"Ideas Vision Creative Mission Solution Cocnept\"},{\"@type\":\"BreadcrumbList\",\"@id\":\"https:\/\/arquitecturadelavictima.com\/index.php\/2022\/06\/22\/espacios-amigables\/#breadcrumb\",\"itemListElement\":[{\"@type\":\"ListItem\",\"position\":1,\"name\":\"Portada\",\"item\":\"https:\/\/arquitecturadelavictima.com\/\"},{\"@type\":\"ListItem\",\"position\":2,\"name\":\"Espacios amigables\"}]},{\"@type\":\"WebSite\",\"@id\":\"https:\/\/arquitecturadelavictima.com\/#website\",\"url\":\"https:\/\/arquitecturadelavictima.com\/\",\"name\":\"Arquitectura de la v\u00edctima\",\"description\":\"\",\"publisher\":{\"@id\":\"https:\/\/arquitecturadelavictima.com\/#organization\"},\"potentialAction\":[{\"@type\":\"SearchAction\",\"target\":{\"@type\":\"EntryPoint\",\"urlTemplate\":\"https:\/\/arquitecturadelavictima.com\/?s={search_term_string}\"},\"query-input\":{\"@type\":\"PropertyValueSpecification\",\"valueRequired\":true,\"valueName\":\"search_term_string\"}}],\"inLanguage\":\"es\"},{\"@type\":\"Organization\",\"@id\":\"https:\/\/arquitecturadelavictima.com\/#organization\",\"name\":\"Arquitectura de la v\u00edctima\",\"url\":\"https:\/\/arquitecturadelavictima.com\/\",\"logo\":{\"@type\":\"ImageObject\",\"inLanguage\":\"es\",\"@id\":\"https:\/\/arquitecturadelavictima.com\/#\/schema\/logo\/image\/\",\"url\":\"https:\/\/arquitecturadelavictima.com\/wp-content\/uploads\/2022\/06\/cropped-Sin-elipse-negro.png\",\"contentUrl\":\"https:\/\/arquitecturadelavictima.com\/wp-content\/uploads\/2022\/06\/cropped-Sin-elipse-negro.png\",\"width\":1221,\"height\":1056,\"caption\":\"Arquitectura de la v\u00edctima\"},\"image\":{\"@id\":\"https:\/\/arquitecturadelavictima.com\/#\/schema\/logo\/image\/\"}},{\"@type\":\"Person\",\"@id\":\"https:\/\/arquitecturadelavictima.com\/#\/schema\/person\/bab65cc3717050c632b89887379f23e3\",\"name\":\"admin\",\"image\":{\"@type\":\"ImageObject\",\"inLanguage\":\"es\",\"@id\":\"https:\/\/arquitecturadelavictima.com\/#\/schema\/person\/image\/\",\"url\":\"https:\/\/secure.gravatar.com\/avatar\/cb545f80ebfe4a8c7350c9488d8d5679c40ef55c37ee485cdee8bbf502512a7d?s=96&d=mm&r=g\",\"contentUrl\":\"https:\/\/secure.gravatar.com\/avatar\/cb545f80ebfe4a8c7350c9488d8d5679c40ef55c37ee485cdee8bbf502512a7d?s=96&d=mm&r=g\",\"caption\":\"admin\"},\"sameAs\":[\"https:\/\/arquitecturadelavictima.com\"],\"url\":\"https:\/\/arquitecturadelavictima.com\/index.php\/author\/arquitectura-de-la-victima\/\"}]}<\/script>\n<!-- \/ Yoast SEO plugin. -->","yoast_head_json":{"title":"Espacios amigables - Arquitectura de la v\u00edctima","robots":{"index":"index","follow":"follow","max-snippet":"max-snippet:-1","max-image-preview":"max-image-preview:large","max-video-preview":"max-video-preview:-1"},"canonical":"https:\/\/arquitecturadelavictima.com\/index.php\/2022\/06\/22\/espacios-amigables\/","og_locale":"es_ES","og_type":"article","og_title":"Espacios amigables - Arquitectura de la v\u00edctima","og_description":"La Ley Org\u00e1nica de Protecci\u00f3n Integral a la Infancia y la Adolescencia frente a la Violencia (L.O 8\/2021) remarca la importancia de los entornos adaptados a los menores v\u00edctimas de violencia. Adem\u00e1s, cabe mencionar que la Carta de Derechos de los Ciudadanos ante la Justicia, que prev\u00e9 de forma expresa: [&hellip;]","og_url":"https:\/\/arquitecturadelavictima.com\/index.php\/2022\/06\/22\/espacios-amigables\/","og_site_name":"Arquitectura de la v\u00edctima","article_published_time":"2022-06-22T17:48:36+00:00","article_modified_time":"2022-06-22T17:55:39+00:00","og_image":[{"width":2560,"height":1706,"url":"https:\/\/arquitecturadelavictima.com\/wp-content\/uploads\/2022\/06\/ideas-vision-creative-mission-solution-cocnept-scaled.jpg","type":"image\/jpeg"}],"author":"admin","twitter_card":"summary_large_image","twitter_misc":{"Escrito por":"admin","Tiempo de lectura":"1 minuto"},"schema":{"@context":"https:\/\/schema.org","@graph":[{"@type":"Article","@id":"https:\/\/arquitecturadelavictima.com\/index.php\/2022\/06\/22\/espacios-amigables\/#article","isPartOf":{"@id":"https:\/\/arquitecturadelavictima.com\/index.php\/2022\/06\/22\/espacios-amigables\/"},"author":{"name":"admin","@id":"https:\/\/arquitecturadelavictima.com\/#\/schema\/person\/bab65cc3717050c632b89887379f23e3"},"headline":"Espacios amigables","datePublished":"2022-06-22T17:48:36+00:00","dateModified":"2022-06-22T17:55:39+00:00","mainEntityOfPage":{"@id":"https:\/\/arquitecturadelavictima.com\/index.php\/2022\/06\/22\/espacios-amigables\/"},"wordCount":179,"commentCount":0,"publisher":{"@id":"https:\/\/arquitecturadelavictima.com\/#organization"},"image":{"@id":"https:\/\/arquitecturadelavictima.com\/index.php\/2022\/06\/22\/espacios-amigables\/#primaryimage"},"thumbnailUrl":"https:\/\/arquitecturadelavictima.com\/wp-content\/uploads\/2022\/06\/ideas-vision-creative-mission-solution-cocnept-scaled.jpg","keywords":["adaptar","arquitectura","interdisciplinar","ley 8\/2021","personas vulnerables","victima","victimizacion secundaria"],"articleSection":["concepto"],"inLanguage":"es","potentialAction":[{"@type":"CommentAction","name":"Comment","target":["https:\/\/arquitecturadelavictima.com\/index.php\/2022\/06\/22\/espacios-amigables\/#respond"]}]},{"@type":"WebPage","@id":"https:\/\/arquitecturadelavictima.com\/index.php\/2022\/06\/22\/espacios-amigables\/","url":"https:\/\/arquitecturadelavictima.com\/index.php\/2022\/06\/22\/espacios-amigables\/","name":"Espacios amigables - Arquitectura de la v\u00edctima","isPartOf":{"@id":"https:\/\/arquitecturadelavictima.com\/#website"},"primaryImageOfPage":{"@id":"https:\/\/arquitecturadelavictima.com\/index.php\/2022\/06\/22\/espacios-amigables\/#primaryimage"},"image":{"@id":"https:\/\/arquitecturadelavictima.com\/index.php\/2022\/06\/22\/espacios-amigables\/#primaryimage"},"thumbnailUrl":"https:\/\/arquitecturadelavictima.com\/wp-content\/uploads\/2022\/06\/ideas-vision-creative-mission-solution-cocnept-scaled.jpg","datePublished":"2022-06-22T17:48:36+00:00","dateModified":"2022-06-22T17:55:39+00:00","breadcrumb":{"@id":"https:\/\/arquitecturadelavictima.com\/index.php\/2022\/06\/22\/espacios-amigables\/#breadcrumb"},"inLanguage":"es","potentialAction":[{"@type":"ReadAction","target":["https:\/\/arquitecturadelavictima.com\/index.php\/2022\/06\/22\/espacios-amigables\/"]}]},{"@type":"ImageObject","inLanguage":"es","@id":"https:\/\/arquitecturadelavictima.com\/index.php\/2022\/06\/22\/espacios-amigables\/#primaryimage","url":"https:\/\/arquitecturadelavictima.com\/wp-content\/uploads\/2022\/06\/ideas-vision-creative-mission-solution-cocnept-scaled.jpg","contentUrl":"https:\/\/arquitecturadelavictima.com\/wp-content\/uploads\/2022\/06\/ideas-vision-creative-mission-solution-cocnept-scaled.jpg","width":2560,"height":1706,"caption":"Ideas Vision Creative Mission Solution Cocnept"},{"@type":"BreadcrumbList","@id":"https:\/\/arquitecturadelavictima.com\/index.php\/2022\/06\/22\/espacios-amigables\/#breadcrumb","itemListElement":[{"@type":"ListItem","position":1,"name":"Portada","item":"https:\/\/arquitecturadelavictima.com\/"},{"@type":"ListItem","position":2,"name":"Espacios amigables"}]},{"@type":"WebSite","@id":"https:\/\/arquitecturadelavictima.com\/#website","url":"https:\/\/arquitecturadelavictima.com\/","name":"Arquitectura de la v\u00edctima","description":"","publisher":{"@id":"https:\/\/arquitecturadelavictima.com\/#organization"},"potentialAction":[{"@type":"SearchAction","target":{"@type":"EntryPoint","urlTemplate":"https:\/\/arquitecturadelavictima.com\/?s={search_term_string}"},"query-input":{"@type":"PropertyValueSpecification","valueRequired":true,"valueName":"search_term_string"}}],"inLanguage":"es"},{"@type":"Organization","@id":"https:\/\/arquitecturadelavictima.com\/#organization","name":"Arquitectura de la v\u00edctima","url":"https:\/\/arquitecturadelavictima.com\/","logo":{"@type":"ImageObject","inLanguage":"es","@id":"https:\/\/arquitecturadelavictima.com\/#\/schema\/logo\/image\/","url":"https:\/\/arquitecturadelavictima.com\/wp-content\/uploads\/2022\/06\/cropped-Sin-elipse-negro.png","contentUrl":"https:\/\/arquitecturadelavictima.com\/wp-content\/uploads\/2022\/06\/cropped-Sin-elipse-negro.png","width":1221,"height":1056,"caption":"Arquitectura de la v\u00edctima"},"image":{"@id":"https:\/\/arquitecturadelavictima.com\/#\/schema\/logo\/image\/"}},{"@type":"Person","@id":"https:\/\/arquitecturadelavictima.com\/#\/schema\/person\/bab65cc3717050c632b89887379f23e3","name":"admin","image":{"@type":"ImageObject","inLanguage":"es","@id":"https:\/\/arquitecturadelavictima.com\/#\/schema\/person\/image\/","url":"https:\/\/secure.gravatar.com\/avatar\/cb545f80ebfe4a8c7350c9488d8d5679c40ef55c37ee485cdee8bbf502512a7d?s=96&d=mm&r=g","contentUrl":"https:\/\/secure.gravatar.com\/avatar\/cb545f80ebfe4a8c7350c9488d8d5679c40ef55c37ee485cdee8bbf502512a7d?s=96&d=mm&r=g","caption":"admin"},"sameAs":["https:\/\/arquitecturadelavictima.com"],"url":"https:\/\/arquitecturadelavictima.com\/index.php\/author\/arquitectura-de-la-victima\/"}]}},"_links":{"self":[{"href":"https:\/\/arquitecturadelavictima.com\/index.php\/wp-json\/wp\/v2\/posts\/134","targetHints":{"allow":["GET"]}}],"collection":[{"href":"https:\/\/arquitecturadelavictima.com\/index.php\/wp-json\/wp\/v2\/posts"}],"about":[{"href":"https:\/\/arquitecturadelavictima.com\/index.php\/wp-json\/wp\/v2\/types\/post"}],"author":[{"embeddable":true,"href":"https:\/\/arquitecturadelavictima.com\/index.php\/wp-json\/wp\/v2\/users\/1"}],"replies":[{"embeddable":true,"href":"https:\/\/arquitecturadelavictima.com\/index.php\/wp-json\/wp\/v2\/comments?post=134"}],"version-history":[{"count":6,"href":"https:\/\/arquitecturadelavictima.com\/index.php\/wp-json\/wp\/v2\/posts\/134\/revisions"}],"predecessor-version":[{"id":141,"href":"https:\/\/arquitecturadelavictima.com\/index.php\/wp-json\/wp\/v2\/posts\/134\/revisions\/141"}],"wp:featuredmedia":[{"embeddable":true,"href":"https:\/\/arquitecturadelavictima.com\/index.php\/wp-json\/wp\/v2\/media\/89"}],"wp:attachment":[{"href":"https:\/\/arquitecturadelavictima.com\/index.php\/wp-json\/wp\/v2\/media?parent=134"}],"wp:term":[{"taxonomy":"category","embeddable":true,"href":"https:\/\/arquitecturadelavictima.com\/index.php\/wp-json\/wp\/v2\/categories?post=134"},{"taxonomy":"post_tag","embeddable":true,"href":"https:\/\/arquitecturadelavictima.com\/index.php\/wp-json\/wp\/v2\/tags?post=134"}],"curies":[{"name":"wp","href":"https:\/\/api.w.org\/{rel}","templated":true}]}}